{"id":4154,"date":"2022-03-31T09:02:17","date_gmt":"2022-03-31T07:02:17","guid":{"rendered":"http:\/\/www.genitoriattivi.it\/?p=4154"},"modified":"2022-03-31T09:02:17","modified_gmt":"2022-03-31T07:02:17","slug":"un-aiuto-per-lucraina-anche-un-piccolo-aiuto-e-un-grande-contributo","status":"publish","type":"post","link":"https:\/\/www.genitoriattivi.it\/?p=4154","title":{"rendered":"UN AIUTO PER L&#8217;UCRAINA, ANCHE UN PICCOLO AIUTO..E&#8217; UN GRANDE CONTRIBUTO!!"},"content":{"rendered":"<p><a href=\"http:\/\/www.genitoriattivi.it\/wp-content\/uploads\/2022\/03\/insieme-per-UCRAINA.jpg\"><img decoding=\"async\" loading=\"lazy\" class=\"aligncenter wp-image-4151 size-medium\" src=\"http:\/\/www.genitoriattivi.it\/wp-content\/uploads\/2022\/03\/insieme-per-UCRAINA-282x300.jpg\" alt=\"insieme per UCRAINA\" width=\"282\" height=\"300\" srcset=\"https:\/\/www.genitoriattivi.it\/wp-content\/uploads\/2022\/03\/insieme-per-UCRAINA-282x300.jpg 282w, https:\/\/www.genitoriattivi.it\/wp-content\/uploads\/2022\/03\/insieme-per-UCRAINA.jpg 500w\" sizes=\"(max-width: 282px) 100vw, 282px\" \/><\/a><\/p>\n<p align=\"center\"><span style=\"font-family: Helvetica, Arial, sans-serif;\">Buongiorno<\/span><\/p>\n<p align=\"center\"><span style=\"font-family: Helvetica, Arial, sans-serif;\"><span style=\"text-decoration: underline;\">su richiesta della scuola<\/span>\u00a0vogliamo dare un aiuto concreto<br \/>\nper i bambini ucraini e le loro famiglie\u00a0<b>per superare il trauma<\/b><b><br \/>\n<\/b><b>subito con la fuga dalla guerra<\/b>\u00a0e l&#8217;arrivo in un paese sconosciuto.<\/span><\/p>\n<p align=\"center\"><span style=\"font-family: Helvetica, Arial, sans-serif;\">Gli alunni inseriti a scuola e i loro familiari potranno avvalersi<br \/>\ndi\u00a0<span style=\"text-decoration: underline;\">colloqui con la psicologa<\/span>\u00a0che gi\u00e0 opera attualmente a scuola<br \/>\nin modo dedicato per alcune ore la settimana.<\/span><\/p>\n<p align=\"center\"><span style=\"font-family: Helvetica, Arial, sans-serif;\">Per\u00f2 per fare il colloquio \u00e8 necessaria la presenza di una<br \/>\n<b>mediatrice culturale ucraina<\/b>, che \u00e8 pi\u00f9 di una interprete perch\u00e8<br \/>\nconosce a fondo la cultura di provenienza e quella di arrivo.<\/span><\/p>\n<p align=\"center\"><span style=\"font-family: Helvetica, Arial, sans-serif;\">Si tratta ovviamente di persona abilitata alla professione,<br \/>\nscelta dal pool di insegnanti che seguono i ragazzi,<br \/>\nche svolgerebbe un compito molto delicato,<br \/>\nche non pu\u00f2 essere assunta direttamente dalla scuola<br \/>\nper motivi amministrativi.<\/span><\/p>\n<p align=\"center\"><span style=\"font-family: Helvetica, Arial, sans-serif;\">Vi chiediamo quindi di partecipare alla raccolta fondi<br \/>\nper sostenerne il costo, sotto forma di regolare collaborazione<br \/>\noccasionale, per i prossimi mesi.<\/span><\/p>\n<p align=\"center\"><b><span style=\"font-family: Helvetica, Arial, sans-serif;\">I fondi raccolti saranno interamente devoluti a questo scopo<br \/>\no, in caso di eccedenza, per altre richieste della scuola<br \/>\nspecificamente per questi ragazzi e le loro famiglie<br \/>\n<\/span><\/b><\/p>\n<p align=\"center\"><b><span style=\"font-family: Helvetica, Arial, sans-serif;\">potete fare una\u00a0<span style=\"text-decoration: underline;\">offerta libera<\/span>\u00a0e aiutarci a diffondere<br \/>\n<\/span><\/b><\/p>\n<p class=\"x_MsoNormal\" align=\"center\"><span style=\"font-size: large;\">IBAN :\u00a0<b>IT68N0503401706000000000773<\/b><\/span><\/p>\n<p class=\"x_MsoNormal\" align=\"center\"><span style=\"font-size: large;\">INTESTATO A\u00a0:\u00a0<b>ASS.NE\u00a0GENITORI ATTIVI ICS ITALO CALVINO<\/b><\/span><\/p>\n<div align=\"center\"><span style=\"font-size: large;\">CAUSALE :\u00a0<b>ALUNNI UCRAINI<\/b><\/span><\/div>\n<p>&nbsp;<\/p>\n","protected":false},"excerpt":{"rendered":"<p>Buongiorno su richiesta della scuola\u00a0vogliamo dare un aiuto concreto per i bambini ucraini e le loro famiglie\u00a0per superare il trauma subito con la fuga dalla guerra\u00a0e l&#8217;arrivo in un paese sconosciuto. Gli alunni inseriti a scuola e i loro familiari potranno avvalersi di\u00a0colloqui con la psicologa\u00a0che gi\u00e0 opera attualmente a scuola in modo dedicato per [&hellip;]<\/p>\n","protected":false},"author":22,"featured_media":0,"comment_status":"closed","ping_status":"closed","sticky":false,"template":"","format":"standard","meta":[],"categories":[1],"tags":[],"_links":{"self":[{"href":"https:\/\/www.genitoriattivi.it\/index.php?rest_route=\/wp\/v2\/posts\/4154"}],"collection":[{"href":"https:\/\/www.genitoriattivi.it\/index.php?rest_route=\/wp\/v2\/posts"}],"about":[{"href":"https:\/\/www.genitoriattivi.it\/index.php?rest_route=\/wp\/v2\/types\/post"}],"author":[{"embeddable":true,"href":"https:\/\/www.genitoriattivi.it\/index.php?rest_route=\/wp\/v2\/users\/22"}],"replies":[{"embeddable":true,"href":"https:\/\/www.genitoriattivi.it\/index.php?rest_route=%2Fwp%2Fv2%2Fcomments&post=4154"}],"version-history":[{"count":1,"href":"https:\/\/www.genitoriattivi.it\/index.php?rest_route=\/wp\/v2\/posts\/4154\/revisions"}],"predecessor-version":[{"id":4155,"href":"https:\/\/www.genitoriattivi.it\/index.php?rest_route=\/wp\/v2\/posts\/4154\/revisions\/4155"}],"wp:attachment":[{"href":"https:\/\/www.genitoriattivi.it\/index.php?rest_route=%2Fwp%2Fv2%2Fmedia&parent=4154"}],"wp:term":[{"taxonomy":"category","embeddable":true,"href":"https:\/\/www.genitoriattivi.it\/index.php?rest_route=%2Fwp%2Fv2%2Fcategories&post=4154"},{"taxonomy":"post_tag","embeddable":true,"href":"https:\/\/www.genitoriattivi.it\/index.php?rest_route=%2Fwp%2Fv2%2Ftags&post=4154"}],"curies":[{"name":"wp","href":"https:\/\/api.w.org\/{rel}","templated":true}]}}